{"id":110532,"date":"2023-04-10T01:11:18","date_gmt":"2023-04-10T05:11:18","guid":{"rendered":"https:\/\/artist1-fr.selectoweb.ca\/?p=110532"},"modified":"2024-03-02T23:47:11","modified_gmt":"2024-03-03T04:47:11","slug":"section-3","status":"publish","type":"post","link":"https:\/\/artist1-fr.selectoweb.ca\/en\/blog\/article-3\/","title":{"rendered":"Expressive portrait"},"content":{"rendered":"<p>[et_pb_section fb_built=\u00a0\u00bb1&Prime; custom_padding_last_edited=\u00a0\u00bboff|desktop\u00a0\u00bb admin_label=\u00a0\u00bbHeader\u00a0\u00bb _builder_version=\u00a0\u00bb4.20.4&Prime; background_color_gradient_direction=\u00a0\u00bb188deg\u00a0\u00bb background_image=\u00a0\u00bbhttps:\/\/artist1-fr.selectoweb.ca\/wp-content\/uploads\/2023\/04\/art-gallery-55.jpg\u00a0\u00bb background_size=\u00a0\u00bbinitial\u00a0\u00bb background_repeat=\u00a0\u00bbrepeat\u00a0\u00bb width=\u00a0\u00bb100%\u00a0\u00bb custom_padding=\u00a0\u00bb||0px||false|false\u00a0\u00bb custom_padding_tablet=\u00a0\u00bb5vw||5vw||true\u00a0\u00bb global_colors_info=\u00a0\u00bb{}\u00a0\u00bb][et_pb_row custom_padding_last_edited=\u00a0\u00bboff|phone\u00a0\u00bb _builder_version=\u00a0\u00bb4.16&Prime; background_position=\u00a0\u00bbbottom_center\u00a0\u00bb custom_padding_tablet=\u00a0\u00bb17vw||17vw||false\u00a0\u00bb use_custom_width=\u00a0\u00bbon\u00a0\u00bb width_unit=\u00a0\u00bboff\u00a0\u00bb custom_width_percent=\u00a0\u00bb100%\u00a0\u00bb locked=\u00a0\u00bboff\u00a0\u00bb global_colors_info=\u00a0\u00bb{}\u00a0\u00bb][et_pb_column type=\u00a0\u00bb4_4&Prime; _builder_version=\u00a0\u00bb4.16&Prime; custom_padding=\u00a0\u00bb|||\u00a0\u00bb global_colors_info=\u00a0\u00bb{}\u00a0\u00bb custom_padding__hover=\u00a0\u00bb|||\u00a0\u00bb][et_pb_text _builder_version=\u00a0\u00bb4.20.4&Prime; text_font=\u00a0\u00bb||||||||\u00a0\u00bb header_font=\u00a0\u00bb||||||||\u00a0\u00bb header_2_font=\u00a0\u00bbPrata|500|||||||\u00a0\u00bb header_2_text_align=\u00a0\u00bbleft\u00a0\u00bb header_2_font_size=\u00a0\u00bb56px\u00a0\u00bb header_2_line_height=\u00a0\u00bb1.3em\u00a0\u00bb header_4_font=\u00a0\u00bb|700|||||||\u00a0\u00bb header_4_font_size=\u00a0\u00bb16px\u00a0\u00bb header_4_line_height=\u00a0\u00bb1.2em\u00a0\u00bb transform_translate_linked=\u00a0\u00bboff\u00a0\u00bb max_width=\u00a0\u00bb700px\u00a0\u00bb max_width_tablet=\u00a0\u00bb70%\u00a0\u00bb max_width_last_edited=\u00a0\u00bboff|phone\u00a0\u00bb header_2_font_size_tablet=\u00a0\u00bb40px\u00a0\u00bb header_2_font_size_phone=\u00a0\u00bb26px\u00a0\u00bb header_2_font_size_last_edited=\u00a0\u00bbon|desktop\u00a0\u00bb global_colors_info=\u00a0\u00bb{}\u00a0\u00bb]<\/p>\n<h2>L&rsquo;artiste derri\u00e8re<\/h2>\n<p>Dans un portrait expressif, l&rsquo;artiste se concentre souvent sur la capture de l&rsquo;essence du sujet plut\u00f4t que de cr\u00e9er une repr\u00e9sentation photographique. L&rsquo;artiste peut exag\u00e9rer certaines caract\u00e9ristiques ou utiliser des proportions d\u00e9form\u00e9es pour cr\u00e9er une image unique et saisissante. Les couleurs utilis\u00e9es dans un portrait expressif sont souvent vives et audacieuses, ajoutant \u00e0 l&rsquo;intensit\u00e9 et \u00e0 l&rsquo;\u00e9motion de la peinture.<\/p>\n<p>L&rsquo;un des \u00e9l\u00e9ments cl\u00e9s d&rsquo;un portrait expressif est les yeux du sujet. Les yeux sont souvent le point focal de la peinture, capturant les \u00e9motions et la vie int\u00e9rieure du sujet. L&rsquo;artiste peut utiliser des traits exag\u00e9r\u00e9s ou des formes abstraites pour cr\u00e9er un effet intense et puissant.<\/p>\n<p>Un autre \u00e9l\u00e9ment important d&rsquo;un portrait expressif est l&rsquo;utilisation d&rsquo;une composition forte. La composition de la peinture aide \u00e0 cr\u00e9er un sentiment de mouvement et d&rsquo;\u00e9quilibre, attirant l&rsquo;\u0153il du spectateur vers les parties les plus importantes du portrait. L&rsquo;artiste peut utiliser des lignes diagonales ou des couleurs contrast\u00e9es pour cr\u00e9er une composition dynamique et attrayante.<\/p>\n<p>Dans l&rsquo;ensemble, le portrait expressif est une forme d&rsquo;art visuel dynamique et \u00e9motionnelle qui permet \u00e0 l&rsquo;artiste de capturer l&rsquo;essence du sujet de mani\u00e8re unique et puissante. Gr\u00e2ce \u00e0 l&rsquo;utilisation de techniques d&#8217;emp\u00e2tement \u00e9pais, de couleurs audacieuses et d&rsquo;une composition forte, l&rsquo;artiste peut cr\u00e9er une image vraiment frappante qui capture la personnalit\u00e9 et la vie int\u00e9rieure du sujet.[\/et_pb_text][\/et_pb_column][\/et_pb_row][\/et_pb_section][et_pb_section fb_built=\u00a0\u00bb1&Prime; custom_padding_last_edited=\u00a0\u00bboff|desktop\u00a0\u00bb admin_label=\u00a0\u00bbHeader\u00a0\u00bb _builder_version=\u00a0\u00bb4.20.4&Prime; background_color_gradient_direction=\u00a0\u00bb188deg\u00a0\u00bb background_image=\u00a0\u00bbhttps:\/\/artist1-fr.selectoweb.ca\/wp-content\/uploads\/2023\/04\/art-gallery-55.jpg\u00a0\u00bb background_size=\u00a0\u00bbinitial\u00a0\u00bb background_repeat=\u00a0\u00bbrepeat\u00a0\u00bb width=\u00a0\u00bb100%\u00a0\u00bb custom_padding=\u00a0\u00bb0px||0px||false|false\u00a0\u00bb custom_padding_tablet=\u00a0\u00bb5vw||5vw||true\u00a0\u00bb global_colors_info=\u00a0\u00bb{}\u00a0\u00bb][et_pb_row custom_padding_last_edited=\u00a0\u00bboff|phone\u00a0\u00bb _builder_version=\u00a0\u00bb4.16&Prime; background_position=\u00a0\u00bbbottom_center\u00a0\u00bb custom_padding_tablet=\u00a0\u00bb17vw||17vw||false\u00a0\u00bb use_custom_width=\u00a0\u00bbon\u00a0\u00bb width_unit=\u00a0\u00bboff\u00a0\u00bb custom_width_percent=\u00a0\u00bb100%\u00a0\u00bb locked=\u00a0\u00bboff\u00a0\u00bb global_colors_info=\u00a0\u00bb{}\u00a0\u00bb][et_pb_column type=\u00a0\u00bb4_4&Prime; _builder_version=\u00a0\u00bb4.16&Prime; custom_padding=\u00a0\u00bb|||\u00a0\u00bb global_colors_info=\u00a0\u00bb{}\u00a0\u00bb custom_padding__hover=\u00a0\u00bb|||\u00a0\u00bb][et_pb_image src=\u00a0\u00bbhttps:\/\/artist1-fr.selectoweb.ca\/wp-content\/uploads\/2023\/04\/art-gallery-45.jpg\u00a0\u00bb title_text=\u00a0\u00bbart-gallery-45&Prime; align=\u00a0\u00bbcenter\u00a0\u00bb _builder_version=\u00a0\u00bb4.20.4&Prime; _module_preset=\u00a0\u00bbdefault\u00a0\u00bb global_colors_info=\u00a0\u00bb{}\u00a0\u00bb][\/et_pb_image][\/et_pb_column][\/et_pb_row][\/et_pb_section][et_pb_section fb_built=\u00a0\u00bb1&Prime; admin_label=\u00a0\u00bbResume\u00a0\u00bb _builder_version=\u00a0\u00bb4.20.4&Prime; background_image=\u00a0\u00bbhttps:\/\/artist1-fr.selectoweb.ca\/wp-content\/uploads\/2023\/04\/art-gallery-55.jpg\u00a0\u00bb background_size=\u00a0\u00bbinitial\u00a0\u00bb background_repeat=\u00a0\u00bbrepeat\u00a0\u00bb custom_padding=\u00a0\u00bb0px||0px||false|false\u00a0\u00bb global_colors_info=\u00a0\u00bb{}\u00a0\u00bb][et_pb_row column_structure=\u00a0\u00bb1_2,1_2&Prime; _builder_version=\u00a0\u00bb4.16&Prime; global_colors_info=\u00a0\u00bb{}\u00a0\u00bb][et_pb_column type=\u00a0\u00bb1_2&Prime; _builder_version=\u00a0\u00bb4.16&Prime; custom_padding=\u00a0\u00bb|||\u00a0\u00bb global_colors_info=\u00a0\u00bb{}\u00a0\u00bb custom_padding__hover=\u00a0\u00bb|||\u00a0\u00bb][et_pb_text ul_position=\u00a0\u00bbinside\u00a0\u00bb _builder_version=\u00a0\u00bb4.20.4&Prime; text_font=\u00a0\u00bb||||||||\u00a0\u00bb ul_font=\u00a0\u00bb||||||||\u00a0\u00bb header_font=\u00a0\u00bb|700|||||||\u00a0\u00bb header_font_size=\u00a0\u00bb20px\u00a0\u00bb header_line_height=\u00a0\u00bb1.3em\u00a0\u00bb header_3_font=\u00a0\u00bb|700|||||||\u00a0\u00bb header_3_font_size=\u00a0\u00bb14px\u00a0\u00bb header_3_line_height=\u00a0\u00bb1.3em\u00a0\u00bb header_4_font=\u00a0\u00bb|700|||||||\u00a0\u00bb header_4_font_size=\u00a0\u00bb14px\u00a0\u00bb header_4_line_height=\u00a0\u00bb1.3em\u00a0\u00bb locked=\u00a0\u00bboff\u00a0\u00bb global_colors_info=\u00a0\u00bb{}\u00a0\u00bb]<\/p>\n<h4>Portrait Expressif<\/h4>\n<p>Le portrait expressif est une forme puissante d&rsquo;art visuel qui capture la personnalit\u00e9 unique, les \u00e9motions et la vie int\u00e9rieure du sujet. Il s&rsquo;agit d&rsquo;un style de peinture qui met l&rsquo;accent sur l&rsquo;utilisation de couleurs vives, de coups de pinceau audacieux et d&rsquo;une composition forte pour cr\u00e9er une image puissante et \u00e9vocatrice.[\/et_pb_text][\/et_pb_column][et_pb_column type=\u00a0\u00bb1_2&Prime; _builder_version=\u00a0\u00bb4.16&Prime; custom_padding=\u00a0\u00bb|||\u00a0\u00bb global_colors_info=\u00a0\u00bb{}\u00a0\u00bb custom_padding__hover=\u00a0\u00bb|||\u00a0\u00bb][et_pb_text ul_position=\u00a0\u00bbinside\u00a0\u00bb _builder_version=\u00a0\u00bb4.20.4&Prime; text_font=\u00a0\u00bb||||||||\u00a0\u00bb ul_font=\u00a0\u00bb||||||||\u00a0\u00bb header_font=\u00a0\u00bb|700|||||||\u00a0\u00bb header_font_size=\u00a0\u00bb20px\u00a0\u00bb header_line_height=\u00a0\u00bb1.3em\u00a0\u00bb header_3_font=\u00a0\u00bb|700|||||||\u00a0\u00bb header_3_font_size=\u00a0\u00bb14px\u00a0\u00bb header_3_line_height=\u00a0\u00bb1.3em\u00a0\u00bb header_4_font=\u00a0\u00bb|700|||||||\u00a0\u00bb header_4_font_size=\u00a0\u00bb14px\u00a0\u00bb header_4_line_height=\u00a0\u00bb1.3em\u00a0\u00bb locked=\u00a0\u00bboff\u00a0\u00bb global_colors_info=\u00a0\u00bb{}\u00a0\u00bb]La technique de la peinture d&rsquo;un portrait expressif implique souvent l&rsquo;utilisation d&rsquo;une technique d&#8217;emp\u00e2tement \u00e9pais, o\u00f9 l&rsquo;artiste applique des couches \u00e9paisses de peinture avec un couteau ou un pinceau pour cr\u00e9er un effet tridimensionnel. Cette technique permet \u00e0 l&rsquo;artiste d&rsquo;ajouter de la texture et de la profondeur au portrait, le faisant ainsi vibrer avec \u00e9motion et sentiment.[\/et_pb_text][\/et_pb_column][\/et_pb_row][\/et_pb_section]<\/p>\n","protected":false},"excerpt":{"rendered":"<p>L&rsquo;artiste derri\u00e8re Dans un portrait expressif, l&rsquo;artiste se concentre souvent sur la capture de l&rsquo;essence du sujet plut\u00f4t que de cr\u00e9er une repr\u00e9sentation photographique. L&rsquo;artiste peut exag\u00e9rer certaines caract\u00e9ristiques ou utiliser des proportions d\u00e9form\u00e9es pour cr\u00e9er une image unique et saisissante. Les couleurs utilis\u00e9es dans un portrait expressif sont souvent vives et audacieuses, ajoutant \u00e0 [&hellip;]<\/p>\n","protected":false},"author":1,"featured_media":110657,"comment_status":"closed","ping_status":"closed","sticky":false,"template":"","format":"standard","meta":{"_et_pb_use_builder":"on","_et_pb_old_content":"","_et_gb_content_width":"","footnotes":""},"categories":[1],"tags":[],"class_list":["post-110532","post","type-post","status-publish","format-standard","has-post-thumbnail","hentry","category-categorie"],"yoast_head":"<!-- This site is optimized with the Yoast SEO plugin v27.5 - https:\/\/yoast.com\/product\/yoast-seo-wordpress\/ -->\n<title>Portrait expressif - Selecto Artiste<\/title>\n<meta name=\"robots\" content=\"index, follow, max-snippet:-1, max-image-preview:large, max-video-preview:-1\" \/>\n<link rel=\"canonical\" href=\"https:\/\/artist1-fr.selectoweb.ca\/en\/blog\/section-3\/\" \/>\n<meta property=\"og:locale\" content=\"en_US\" \/>\n<meta property=\"og:type\" content=\"article\" \/>\n<meta property=\"og:title\" content=\"Portrait expressif - Selecto Artiste\" \/>\n<meta property=\"og:description\" content=\"L&#039;artiste derri\u00e8re Dans un portrait expressif, l&#039;artiste se concentre souvent sur la capture de l&#039;essence du sujet plut\u00f4t que de cr\u00e9er une repr\u00e9sentation photographique. L&#039;artiste peut exag\u00e9rer certaines caract\u00e9ristiques ou utiliser des proportions d\u00e9form\u00e9es pour cr\u00e9er une image unique et saisissante. Les couleurs utilis\u00e9es dans un portrait expressif sont souvent vives et audacieuses, ajoutant \u00e0 [&hellip;]\" \/>\n<meta property=\"og:url\" content=\"https:\/\/artist1-fr.selectoweb.ca\/en\/blog\/section-3\/\" \/>\n<meta property=\"og:site_name\" content=\"Selecto Artiste\" \/>\n<meta property=\"article:publisher\" content=\"https:\/\/www.facebook.com\/selectoweb\" \/>\n<meta property=\"article:published_time\" content=\"2023-04-10T05:11:18+00:00\" \/>\n<meta property=\"article:modified_time\" content=\"2024-03-03T04:47:11+00:00\" \/>\n<meta property=\"og:image\" content=\"https:\/\/artist1-fr.selectoweb.ca\/wp-content\/uploads\/2023\/12\/pexels-photo-697673.jpeg\" \/>\n\t<meta property=\"og:image:width\" content=\"951\" \/>\n\t<meta property=\"og:image:height\" content=\"750\" \/>\n\t<meta property=\"og:image:type\" content=\"image\/jpeg\" \/>\n<meta name=\"author\" content=\"Selecto\" \/>\n<meta name=\"twitter:card\" content=\"summary_large_image\" \/>\n<meta name=\"twitter:creator\" content=\"@selectoweb\" \/>\n<meta name=\"twitter:site\" content=\"@selectoweb\" \/>\n<meta name=\"twitter:label1\" content=\"Written by\" \/>\n\t<meta name=\"twitter:data1\" content=\"Selecto\" \/>\n\t<meta name=\"twitter:label2\" content=\"Est. reading time\" \/>\n\t<meta name=\"twitter:data2\" content=\"3 minutes\" \/>\n<script type=\"application\/ld+json\" class=\"yoast-schema-graph\">{\"@context\":\"https:\\\/\\\/schema.org\",\"@graph\":[{\"@type\":\"Article\",\"@id\":\"https:\\\/\\\/artist1-fr.selectoweb.ca\\\/blog\\\/article-3\\\/#article\",\"isPartOf\":{\"@id\":\"https:\\\/\\\/artist1-fr.selectoweb.ca\\\/blog\\\/article-3\\\/\"},\"author\":{\"name\":\"Selecto\",\"@id\":\"https:\\\/\\\/artist1-fr.selectoweb.ca\\\/#\\\/schema\\\/person\\\/71d518a3be44d2e951e4134bb229ec00\"},\"headline\":\"Portrait expressif\",\"datePublished\":\"2023-04-10T05:11:18+00:00\",\"dateModified\":\"2024-03-03T04:47:11+00:00\",\"mainEntityOfPage\":{\"@id\":\"https:\\\/\\\/artist1-fr.selectoweb.ca\\\/blog\\\/article-3\\\/\"},\"wordCount\":908,\"publisher\":{\"@id\":\"https:\\\/\\\/artist1-fr.selectoweb.ca\\\/#organization\"},\"image\":{\"@id\":\"https:\\\/\\\/artist1-fr.selectoweb.ca\\\/blog\\\/article-3\\\/#primaryimage\"},\"thumbnailUrl\":\"https:\\\/\\\/artist1-fr.selectoweb.ca\\\/wp-content\\\/uploads\\\/2023\\\/12\\\/pexels-photo-697673.jpeg\",\"articleSection\":[\"Cat\u00e9gorie\"],\"inLanguage\":\"en-CA\"},{\"@type\":\"WebPage\",\"@id\":\"https:\\\/\\\/artist1-fr.selectoweb.ca\\\/blog\\\/article-3\\\/\",\"url\":\"https:\\\/\\\/artist1-fr.selectoweb.ca\\\/blog\\\/article-3\\\/\",\"name\":\"Portrait expressif - Selecto Artiste\",\"isPartOf\":{\"@id\":\"https:\\\/\\\/artist1-fr.selectoweb.ca\\\/#website\"},\"primaryImageOfPage\":{\"@id\":\"https:\\\/\\\/artist1-fr.selectoweb.ca\\\/blog\\\/article-3\\\/#primaryimage\"},\"image\":{\"@id\":\"https:\\\/\\\/artist1-fr.selectoweb.ca\\\/blog\\\/article-3\\\/#primaryimage\"},\"thumbnailUrl\":\"https:\\\/\\\/artist1-fr.selectoweb.ca\\\/wp-content\\\/uploads\\\/2023\\\/12\\\/pexels-photo-697673.jpeg\",\"datePublished\":\"2023-04-10T05:11:18+00:00\",\"dateModified\":\"2024-03-03T04:47:11+00:00\",\"breadcrumb\":{\"@id\":\"https:\\\/\\\/artist1-fr.selectoweb.ca\\\/blog\\\/article-3\\\/#breadcrumb\"},\"inLanguage\":\"en-CA\",\"potentialAction\":[{\"@type\":\"ReadAction\",\"target\":[\"https:\\\/\\\/artist1-fr.selectoweb.ca\\\/blog\\\/article-3\\\/\"]}]},{\"@type\":\"ImageObject\",\"inLanguage\":\"en-CA\",\"@id\":\"https:\\\/\\\/artist1-fr.selectoweb.ca\\\/blog\\\/article-3\\\/#primaryimage\",\"url\":\"https:\\\/\\\/artist1-fr.selectoweb.ca\\\/wp-content\\\/uploads\\\/2023\\\/12\\\/pexels-photo-697673.jpeg\",\"contentUrl\":\"https:\\\/\\\/artist1-fr.selectoweb.ca\\\/wp-content\\\/uploads\\\/2023\\\/12\\\/pexels-photo-697673.jpeg\",\"width\":951,\"height\":750},{\"@type\":\"BreadcrumbList\",\"@id\":\"https:\\\/\\\/artist1-fr.selectoweb.ca\\\/blog\\\/article-3\\\/#breadcrumb\",\"itemListElement\":[{\"@type\":\"ListItem\",\"position\":1,\"name\":\"Home\",\"item\":\"https:\\\/\\\/artist1-fr.selectoweb.ca\\\/\"},{\"@type\":\"ListItem\",\"position\":2,\"name\":\"Portrait expressif\"}]},{\"@type\":\"WebSite\",\"@id\":\"https:\\\/\\\/artist1-fr.selectoweb.ca\\\/#website\",\"url\":\"https:\\\/\\\/artist1-fr.selectoweb.ca\\\/\",\"name\":\"Selecto Artiste\",\"description\":\"Meilleurs artistes\",\"publisher\":{\"@id\":\"https:\\\/\\\/artist1-fr.selectoweb.ca\\\/#organization\"},\"potentialAction\":[{\"@type\":\"SearchAction\",\"target\":{\"@type\":\"EntryPoint\",\"urlTemplate\":\"https:\\\/\\\/artist1-fr.selectoweb.ca\\\/?s={search_term_string}\"},\"query-input\":{\"@type\":\"PropertyValueSpecification\",\"valueRequired\":true,\"valueName\":\"search_term_string\"}}],\"inLanguage\":\"en-CA\"},{\"@type\":\"Organization\",\"@id\":\"https:\\\/\\\/artist1-fr.selectoweb.ca\\\/#organization\",\"name\":\"Selecto Artiste\",\"url\":\"https:\\\/\\\/artist1-fr.selectoweb.ca\\\/\",\"logo\":{\"@type\":\"ImageObject\",\"inLanguage\":\"en-CA\",\"@id\":\"https:\\\/\\\/artist1-fr.selectoweb.ca\\\/#\\\/schema\\\/logo\\\/image\\\/\",\"url\":\"https:\\\/\\\/artist1-fr.selectoweb.ca\\\/wp-content\\\/uploads\\\/2023\\\/04\\\/logo-divi-artist-1.png\",\"contentUrl\":\"https:\\\/\\\/artist1-fr.selectoweb.ca\\\/wp-content\\\/uploads\\\/2023\\\/04\\\/logo-divi-artist-1.png\",\"width\":908,\"height\":189,\"caption\":\"Selecto Artiste\"},\"image\":{\"@id\":\"https:\\\/\\\/artist1-fr.selectoweb.ca\\\/#\\\/schema\\\/logo\\\/image\\\/\"},\"sameAs\":[\"https:\\\/\\\/www.facebook.com\\\/selectoweb\",\"https:\\\/\\\/x.com\\\/selectoweb\",\"https:\\\/\\\/www.instagram.com\\\/selecto.ca\",\"https:\\\/\\\/www.tiktok.com\\\/@selecto.ca\",\"https:\\\/\\\/www.youtube.com\\\/channel\\\/UCGbJHkiaA5Od-bUAisbmjxQ\"]},{\"@type\":\"Person\",\"@id\":\"https:\\\/\\\/artist1-fr.selectoweb.ca\\\/#\\\/schema\\\/person\\\/71d518a3be44d2e951e4134bb229ec00\",\"name\":\"Selecto\",\"sameAs\":[\"http:\\\/\\\/artist1-fr.selectoweb.ca\"],\"url\":\"https:\\\/\\\/artist1-fr.selectoweb.ca\\\/en\\\/blog\\\/author\\\/selecto\\\/\"}]}<\/script>\n<!-- \/ Yoast SEO plugin. -->","yoast_head_json":{"title":"Expressive portrait - Selecto Artist","robots":{"index":"index","follow":"follow","max-snippet":"max-snippet:-1","max-image-preview":"max-image-preview:large","max-video-preview":"max-video-preview:-1"},"canonical":"https:\/\/artist1-fr.selectoweb.ca\/en\/blog\/section-3\/","og_locale":"en_US","og_type":"article","og_title":"Portrait expressif - Selecto Artiste","og_description":"L'artiste derri\u00e8re Dans un portrait expressif, l'artiste se concentre souvent sur la capture de l'essence du sujet plut\u00f4t que de cr\u00e9er une repr\u00e9sentation photographique. L'artiste peut exag\u00e9rer certaines caract\u00e9ristiques ou utiliser des proportions d\u00e9form\u00e9es pour cr\u00e9er une image unique et saisissante. Les couleurs utilis\u00e9es dans un portrait expressif sont souvent vives et audacieuses, ajoutant \u00e0 [&hellip;]","og_url":"https:\/\/artist1-fr.selectoweb.ca\/en\/blog\/section-3\/","og_site_name":"Selecto Artiste","article_publisher":"https:\/\/www.facebook.com\/selectoweb","article_published_time":"2023-04-10T05:11:18+00:00","article_modified_time":"2024-03-03T04:47:11+00:00","og_image":[{"width":951,"height":750,"url":"https:\/\/artist1-fr.selectoweb.ca\/wp-content\/uploads\/2023\/12\/pexels-photo-697673.jpeg","type":"image\/jpeg"}],"author":"Selecto","twitter_card":"summary_large_image","twitter_creator":"@selectoweb","twitter_site":"@selectoweb","twitter_misc":{"Written by":"Selecto","Est. reading time":"3 minutes"},"schema":{"@context":"https:\/\/schema.org","@graph":[{"@type":"Article","@id":"https:\/\/artist1-fr.selectoweb.ca\/blog\/article-3\/#article","isPartOf":{"@id":"https:\/\/artist1-fr.selectoweb.ca\/blog\/article-3\/"},"author":{"name":"Selecto","@id":"https:\/\/artist1-fr.selectoweb.ca\/#\/schema\/person\/71d518a3be44d2e951e4134bb229ec00"},"headline":"Portrait expressif","datePublished":"2023-04-10T05:11:18+00:00","dateModified":"2024-03-03T04:47:11+00:00","mainEntityOfPage":{"@id":"https:\/\/artist1-fr.selectoweb.ca\/blog\/article-3\/"},"wordCount":908,"publisher":{"@id":"https:\/\/artist1-fr.selectoweb.ca\/#organization"},"image":{"@id":"https:\/\/artist1-fr.selectoweb.ca\/blog\/article-3\/#primaryimage"},"thumbnailUrl":"https:\/\/artist1-fr.selectoweb.ca\/wp-content\/uploads\/2023\/12\/pexels-photo-697673.jpeg","articleSection":["Cat\u00e9gorie"],"inLanguage":"en-CA"},{"@type":"WebPage","@id":"https:\/\/artist1-fr.selectoweb.ca\/blog\/article-3\/","url":"https:\/\/artist1-fr.selectoweb.ca\/blog\/article-3\/","name":"Expressive portrait - Selecto Artist","isPartOf":{"@id":"https:\/\/artist1-fr.selectoweb.ca\/#website"},"primaryImageOfPage":{"@id":"https:\/\/artist1-fr.selectoweb.ca\/blog\/article-3\/#primaryimage"},"image":{"@id":"https:\/\/artist1-fr.selectoweb.ca\/blog\/article-3\/#primaryimage"},"thumbnailUrl":"https:\/\/artist1-fr.selectoweb.ca\/wp-content\/uploads\/2023\/12\/pexels-photo-697673.jpeg","datePublished":"2023-04-10T05:11:18+00:00","dateModified":"2024-03-03T04:47:11+00:00","breadcrumb":{"@id":"https:\/\/artist1-fr.selectoweb.ca\/blog\/article-3\/#breadcrumb"},"inLanguage":"en-CA","potentialAction":[{"@type":"ReadAction","target":["https:\/\/artist1-fr.selectoweb.ca\/blog\/article-3\/"]}]},{"@type":"ImageObject","inLanguage":"en-CA","@id":"https:\/\/artist1-fr.selectoweb.ca\/blog\/article-3\/#primaryimage","url":"https:\/\/artist1-fr.selectoweb.ca\/wp-content\/uploads\/2023\/12\/pexels-photo-697673.jpeg","contentUrl":"https:\/\/artist1-fr.selectoweb.ca\/wp-content\/uploads\/2023\/12\/pexels-photo-697673.jpeg","width":951,"height":750},{"@type":"BreadcrumbList","@id":"https:\/\/artist1-fr.selectoweb.ca\/blog\/article-3\/#breadcrumb","itemListElement":[{"@type":"ListItem","position":1,"name":"Home","item":"https:\/\/artist1-fr.selectoweb.ca\/"},{"@type":"ListItem","position":2,"name":"Portrait expressif"}]},{"@type":"WebSite","@id":"https:\/\/artist1-fr.selectoweb.ca\/#website","url":"https:\/\/artist1-fr.selectoweb.ca\/","name":"Selecto Artist","description":"Best artists","publisher":{"@id":"https:\/\/artist1-fr.selectoweb.ca\/#organization"},"potentialAction":[{"@type":"SearchAction","target":{"@type":"EntryPoint","urlTemplate":"https:\/\/artist1-fr.selectoweb.ca\/?s={search_term_string}"},"query-input":{"@type":"PropertyValueSpecification","valueRequired":true,"valueName":"search_term_string"}}],"inLanguage":"en-CA"},{"@type":"Organization","@id":"https:\/\/artist1-fr.selectoweb.ca\/#organization","name":"Selecto Artist","url":"https:\/\/artist1-fr.selectoweb.ca\/","logo":{"@type":"ImageObject","inLanguage":"en-CA","@id":"https:\/\/artist1-fr.selectoweb.ca\/#\/schema\/logo\/image\/","url":"https:\/\/artist1-fr.selectoweb.ca\/wp-content\/uploads\/2023\/04\/logo-divi-artist-1.png","contentUrl":"https:\/\/artist1-fr.selectoweb.ca\/wp-content\/uploads\/2023\/04\/logo-divi-artist-1.png","width":908,"height":189,"caption":"Selecto Artiste"},"image":{"@id":"https:\/\/artist1-fr.selectoweb.ca\/#\/schema\/logo\/image\/"},"sameAs":["https:\/\/www.facebook.com\/selectoweb","https:\/\/x.com\/selectoweb","https:\/\/www.instagram.com\/selecto.ca","https:\/\/www.tiktok.com\/@selecto.ca","https:\/\/www.youtube.com\/channel\/UCGbJHkiaA5Od-bUAisbmjxQ"]},{"@type":"Person","@id":"https:\/\/artist1-fr.selectoweb.ca\/#\/schema\/person\/71d518a3be44d2e951e4134bb229ec00","name":"Selecto","sameAs":["http:\/\/artist1-fr.selectoweb.ca"],"url":"https:\/\/artist1-fr.selectoweb.ca\/en\/blog\/author\/selecto\/"}]}},"_links":{"self":[{"href":"https:\/\/artist1-fr.selectoweb.ca\/en\/wp-json\/wp\/v2\/posts\/110532","targetHints":{"allow":["GET"]}}],"collection":[{"href":"https:\/\/artist1-fr.selectoweb.ca\/en\/wp-json\/wp\/v2\/posts"}],"about":[{"href":"https:\/\/artist1-fr.selectoweb.ca\/en\/wp-json\/wp\/v2\/types\/post"}],"author":[{"embeddable":true,"href":"https:\/\/artist1-fr.selectoweb.ca\/en\/wp-json\/wp\/v2\/users\/1"}],"replies":[{"embeddable":true,"href":"https:\/\/artist1-fr.selectoweb.ca\/en\/wp-json\/wp\/v2\/comments?post=110532"}],"version-history":[{"count":1,"href":"https:\/\/artist1-fr.selectoweb.ca\/en\/wp-json\/wp\/v2\/posts\/110532\/revisions"}],"predecessor-version":[{"id":110972,"href":"https:\/\/artist1-fr.selectoweb.ca\/en\/wp-json\/wp\/v2\/posts\/110532\/revisions\/110972"}],"wp:featuredmedia":[{"embeddable":true,"href":"https:\/\/artist1-fr.selectoweb.ca\/en\/wp-json\/wp\/v2\/media\/110657"}],"wp:attachment":[{"href":"https:\/\/artist1-fr.selectoweb.ca\/en\/wp-json\/wp\/v2\/media?parent=110532"}],"wp:term":[{"taxonomy":"category","embeddable":true,"href":"https:\/\/artist1-fr.selectoweb.ca\/en\/wp-json\/wp\/v2\/categories?post=110532"},{"taxonomy":"post_tag","embeddable":true,"href":"https:\/\/artist1-fr.selectoweb.ca\/en\/wp-json\/wp\/v2\/tags?post=110532"}],"curies":[{"name":"wp","href":"https:\/\/api.w.org\/{rel}","templated":true}]}}